{"id":14824,"date":"2019-10-09T13:27:53","date_gmt":"2019-10-09T13:27:53","guid":{"rendered":"https:\/\/www.cci.al\/?p=14824"},"modified":"2019-10-09T13:28:11","modified_gmt":"2019-10-09T13:28:11","slug":"participation-invitation-in-agro-food-festival","status":"publish","type":"post","link":"https:\/\/www.cci.al\/en\/participation-invitation-in-agro-food-festival\/","title":{"rendered":"Participation Invitation in Agro-Food Festival"},"content":{"rendered":"\n<p> Dear Entrepreneur,<\/p>\n\n\n\n<p>Chamber of Commerce and Industry of Tirana and Agricultural University of Tirana will organizea festival to present innovative ideas gathered by young innovators, research institutions andSMEs  in the agro-food sector,  which comes as  a need to  encourage  young  entrepreneurs,supporting and further development of selected innovative ideas. The ideas will be uploaded onthe Balkan platform and presented at this agro-food festival.In   this   framework,   Chamber   of   Commerce   and   Industry   of   Tirana   (CCIT)   and   AgriculturalUniversity of Tirana (UBT) are pleased to invite you to the aforementioned activity, scheduled totake place on 30 and 31 October 2019, at the premises of the Agricultural University &#8211; Kamez.We invite you to be together to create as many communication opportunities and channels aspossible to foster sustainable and innovative growth of the agro-food sector.Please confirm your participation in this meeting:  arbi_hoxha@cci.al<\/p>\n","protected":false},"excerpt":{"rendered":"<p>Dear Entrepreneur, Chamber of Commerce and Industry of Tirana and Agricultural University of Tirana will organizea festival to present innovative ideas gathered by young innovators, research institutions andSMEs in the agro-food sector, which comes as a need to encourage young entrepreneurs,supporting and further development of selected innovative ideas. The ideas will be uploaded onthe Balkan [&hellip;]<\/p>\n","protected":false},"author":3,"featured_media":12030,"comment_status":"open","ping_status":"closed","sticky":false,"template":"","format":"standard","meta":{"inline_featured_image":false,"footnotes":""},"categories":[],"tags":[],"class_list":["post-14824","post","type-post","status-publish","format-standard","has-post-thumbnail","hentry"],"featured_image_src":{"landsacpe":["https:\/\/www.cci.al\/wp-content\/uploads\/nc\/2018\/06\/dhomatr.jpg",600,300,false],"list":["https:\/\/www.cci.al\/wp-content\/uploads\/nc\/2018\/06\/dhomatr-463x300.jpg",463,300,true],"medium":["https:\/\/www.cci.al\/wp-content\/uploads\/nc\/2018\/06\/dhomatr-300x150.jpg",300,150,true],"full":["https:\/\/www.cci.al\/wp-content\/uploads\/nc\/2018\/06\/dhomatr.jpg",600,300,false]},"yoast_head":"<!-- This site is optimized with the Yoast SEO plugin v26.7 - https:\/\/yoast.com\/wordpress\/plugins\/seo\/ -->\n<title>Participation Invitation in Agro-Food Festival - Dhoma e Tregtise &amp; Industrise Tirane<\/title>\n<meta name=\"robots\" content=\"index, follow, max-snippet:-1, max-image-preview:large, max-video-preview:-1\" \/>\n<link rel=\"canonical\" href=\"https:\/\/www.cci.al\/en\/participation-invitation-in-agro-food-festival\/\" \/>\n<meta property=\"og:locale\" content=\"en_US\" \/>\n<meta property=\"og:type\" content=\"article\" \/>\n<meta property=\"og:title\" content=\"Participation Invitation in Agro-Food Festival - Dhoma e Tregtise &amp; Industrise Tirane\" \/>\n<meta property=\"og:description\" content=\"Dear Entrepreneur, Chamber of Commerce and Industry of Tirana and Agricultural University of Tirana will organizea festival to present innovative ideas gathered by young innovators, research institutions andSMEs in the agro-food sector, which comes as a need to encourage young entrepreneurs,supporting and further development of selected innovative ideas. The ideas will be uploaded onthe Balkan [&hellip;]\" \/>\n<meta property=\"og:url\" content=\"https:\/\/www.cci.al\/en\/participation-invitation-in-agro-food-festival\/\" \/>\n<meta property=\"og:site_name\" content=\"Dhoma e Tregtise &amp; Industrise Tirane\" \/>\n<meta property=\"article:publisher\" content=\"https:\/\/www.facebook.com\/ccitirana\/\" \/>\n<meta property=\"article:published_time\" content=\"2019-10-09T13:27:53+00:00\" \/>\n<meta property=\"article:modified_time\" content=\"2019-10-09T13:28:11+00:00\" \/>\n<meta property=\"og:image\" content=\"https:\/\/www.cci.al\/wp-content\/uploads\/nc\/2018\/06\/dhomatr.jpg\" \/>\n\t<meta property=\"og:image:width\" content=\"600\" \/>\n\t<meta property=\"og:image:height\" content=\"300\" \/>\n\t<meta property=\"og:image:type\" content=\"image\/jpeg\" \/>\n<meta name=\"author\" content=\"CCIT\" \/>\n<meta name=\"twitter:card\" content=\"summary_large_image\" \/>\n<meta name=\"twitter:creator\" content=\"@dhomatirana\" \/>\n<meta name=\"twitter:site\" content=\"@dhomatirana\" \/>\n<meta name=\"twitter:label1\" content=\"Written by\" \/>\n\t<meta name=\"twitter:data1\" content=\"CCIT\" \/>\n\t<meta name=\"twitter:label2\" content=\"Est. reading time\" \/>\n\t<meta name=\"twitter:data2\" content=\"1 minute\" \/>\n<script type=\"application\/ld+json\" class=\"yoast-schema-graph\">{\"@context\":\"https:\/\/schema.org\",\"@graph\":[{\"@type\":\"Article\",\"@id\":\"https:\/\/www.cci.al\/en\/participation-invitation-in-agro-food-festival\/#article\",\"isPartOf\":{\"@id\":\"https:\/\/www.cci.al\/en\/participation-invitation-in-agro-food-festival\/\"},\"author\":{\"name\":\"CCIT\",\"@id\":\"https:\/\/www.cci.al\/en\/#\/schema\/person\/ea01b4ef65f51f713f5f9c6ce917cc27\"},\"headline\":\"Participation Invitation in Agro-Food Festival\",\"datePublished\":\"2019-10-09T13:27:53+00:00\",\"dateModified\":\"2019-10-09T13:28:11+00:00\",\"mainEntityOfPage\":{\"@id\":\"https:\/\/www.cci.al\/en\/participation-invitation-in-agro-food-festival\/\"},\"wordCount\":144,\"commentCount\":0,\"publisher\":{\"@id\":\"https:\/\/www.cci.al\/en\/#organization\"},\"image\":{\"@id\":\"https:\/\/www.cci.al\/en\/participation-invitation-in-agro-food-festival\/#primaryimage\"},\"thumbnailUrl\":\"https:\/\/www.cci.al\/wp-content\/uploads\/nc\/2018\/06\/dhomatr.jpg\",\"inLanguage\":\"en-US\",\"potentialAction\":[{\"@type\":\"CommentAction\",\"name\":\"Comment\",\"target\":[\"https:\/\/www.cci.al\/en\/participation-invitation-in-agro-food-festival\/#respond\"]}]},{\"@type\":\"WebPage\",\"@id\":\"https:\/\/www.cci.al\/en\/participation-invitation-in-agro-food-festival\/\",\"url\":\"https:\/\/www.cci.al\/en\/participation-invitation-in-agro-food-festival\/\",\"name\":\"Participation Invitation in Agro-Food Festival - Dhoma e Tregtise &amp; Industrise Tirane\",\"isPartOf\":{\"@id\":\"https:\/\/www.cci.al\/en\/#website\"},\"primaryImageOfPage\":{\"@id\":\"https:\/\/www.cci.al\/en\/participation-invitation-in-agro-food-festival\/#primaryimage\"},\"image\":{\"@id\":\"https:\/\/www.cci.al\/en\/participation-invitation-in-agro-food-festival\/#primaryimage\"},\"thumbnailUrl\":\"https:\/\/www.cci.al\/wp-content\/uploads\/nc\/2018\/06\/dhomatr.jpg\",\"datePublished\":\"2019-10-09T13:27:53+00:00\",\"dateModified\":\"2019-10-09T13:28:11+00:00\",\"breadcrumb\":{\"@id\":\"https:\/\/www.cci.al\/en\/participation-invitation-in-agro-food-festival\/#breadcrumb\"},\"inLanguage\":\"en-US\",\"potentialAction\":[{\"@type\":\"ReadAction\",\"target\":[\"https:\/\/www.cci.al\/en\/participation-invitation-in-agro-food-festival\/\"]}]},{\"@type\":\"ImageObject\",\"inLanguage\":\"en-US\",\"@id\":\"https:\/\/www.cci.al\/en\/participation-invitation-in-agro-food-festival\/#primaryimage\",\"url\":\"https:\/\/www.cci.al\/wp-content\/uploads\/nc\/2018\/06\/dhomatr.jpg\",\"contentUrl\":\"https:\/\/www.cci.al\/wp-content\/uploads\/nc\/2018\/06\/dhomatr.jpg\",\"width\":600,\"height\":300,\"caption\":\"Ftes\u00eb p\u00ebr pjes\u00ebmarrje n\u00eb festivalin Agro-Ushqimor\"},{\"@type\":\"BreadcrumbList\",\"@id\":\"https:\/\/www.cci.al\/en\/participation-invitation-in-agro-food-festival\/#breadcrumb\",\"itemListElement\":[{\"@type\":\"ListItem\",\"position\":1,\"name\":\"Home\",\"item\":\"https:\/\/www.cci.al\/en\/\"},{\"@type\":\"ListItem\",\"position\":2,\"name\":\"Participation Invitation in Agro-Food Festival\"}]},{\"@type\":\"WebSite\",\"@id\":\"https:\/\/www.cci.al\/en\/#website\",\"url\":\"https:\/\/www.cci.al\/en\/\",\"name\":\"Dhoma e Tregtise dhe Industrise Tirane\",\"description\":\"CCIT\",\"publisher\":{\"@id\":\"https:\/\/www.cci.al\/en\/#organization\"},\"potentialAction\":[{\"@type\":\"SearchAction\",\"target\":{\"@type\":\"EntryPoint\",\"urlTemplate\":\"https:\/\/www.cci.al\/en\/?s={search_term_string}\"},\"query-input\":{\"@type\":\"PropertyValueSpecification\",\"valueRequired\":true,\"valueName\":\"search_term_string\"}}],\"inLanguage\":\"en-US\"},{\"@type\":\"Organization\",\"@id\":\"https:\/\/www.cci.al\/en\/#organization\",\"name\":\"Dhoma e Tregtise dhe Industrise Tirane\",\"url\":\"https:\/\/www.cci.al\/en\/\",\"logo\":{\"@type\":\"ImageObject\",\"inLanguage\":\"en-US\",\"@id\":\"https:\/\/www.cci.al\/en\/#\/schema\/logo\/image\/\",\"url\":\"https:\/\/www.cci.al\/wp-content\/uploads\/2023\/03\/logod-01.svg\",\"contentUrl\":\"https:\/\/www.cci.al\/wp-content\/uploads\/2023\/03\/logod-01.svg\",\"width\":\"1024\",\"height\":\"1024\",\"caption\":\"Dhoma e Tregtise dhe Industrise Tirane\"},\"image\":{\"@id\":\"https:\/\/www.cci.al\/en\/#\/schema\/logo\/image\/\"},\"sameAs\":[\"https:\/\/www.facebook.com\/ccitirana\/\",\"https:\/\/x.com\/dhomatirana\",\"https:\/\/www.youtube.com\/channel\/UCuzL-qcbS0k5qMU3b0xrmxA\",\"https:\/\/www.instagram.com\/cci_tirana\/\"]},{\"@type\":\"Person\",\"@id\":\"https:\/\/www.cci.al\/en\/#\/schema\/person\/ea01b4ef65f51f713f5f9c6ce917cc27\",\"name\":\"CCIT\",\"image\":{\"@type\":\"ImageObject\",\"inLanguage\":\"en-US\",\"@id\":\"https:\/\/www.cci.al\/en\/#\/schema\/person\/image\/\",\"url\":\"https:\/\/secure.gravatar.com\/avatar\/69e86119c4684dd3b59bb0d9c7af19a68b7882625189a5263d822093932b3a41?s=96&d=mm&r=g\",\"contentUrl\":\"https:\/\/secure.gravatar.com\/avatar\/69e86119c4684dd3b59bb0d9c7af19a68b7882625189a5263d822093932b3a41?s=96&d=mm&r=g\",\"caption\":\"CCIT\"},\"url\":\"https:\/\/www.cci.al\/en\/author\/ccit\/\"}]}<\/script>\n<!-- \/ Yoast SEO plugin. -->","yoast_head_json":{"title":"Participation Invitation in Agro-Food Festival - Dhoma e Tregtise &amp; Industrise Tirane","robots":{"index":"index","follow":"follow","max-snippet":"max-snippet:-1","max-image-preview":"max-image-preview:large","max-video-preview":"max-video-preview:-1"},"canonical":"https:\/\/www.cci.al\/en\/participation-invitation-in-agro-food-festival\/","og_locale":"en_US","og_type":"article","og_title":"Participation Invitation in Agro-Food Festival - Dhoma e Tregtise &amp; Industrise Tirane","og_description":"Dear Entrepreneur, Chamber of Commerce and Industry of Tirana and Agricultural University of Tirana will organizea festival to present innovative ideas gathered by young innovators, research institutions andSMEs in the agro-food sector, which comes as a need to encourage young entrepreneurs,supporting and further development of selected innovative ideas. The ideas will be uploaded onthe Balkan [&hellip;]","og_url":"https:\/\/www.cci.al\/en\/participation-invitation-in-agro-food-festival\/","og_site_name":"Dhoma e Tregtise &amp; Industrise Tirane","article_publisher":"https:\/\/www.facebook.com\/ccitirana\/","article_published_time":"2019-10-09T13:27:53+00:00","article_modified_time":"2019-10-09T13:28:11+00:00","og_image":[{"width":600,"height":300,"url":"https:\/\/www.cci.al\/wp-content\/uploads\/nc\/2018\/06\/dhomatr.jpg","type":"image\/jpeg"}],"author":"CCIT","twitter_card":"summary_large_image","twitter_creator":"@dhomatirana","twitter_site":"@dhomatirana","twitter_misc":{"Written by":"CCIT","Est. reading time":"1 minute"},"schema":{"@context":"https:\/\/schema.org","@graph":[{"@type":"Article","@id":"https:\/\/www.cci.al\/en\/participation-invitation-in-agro-food-festival\/#article","isPartOf":{"@id":"https:\/\/www.cci.al\/en\/participation-invitation-in-agro-food-festival\/"},"author":{"name":"CCIT","@id":"https:\/\/www.cci.al\/en\/#\/schema\/person\/ea01b4ef65f51f713f5f9c6ce917cc27"},"headline":"Participation Invitation in Agro-Food Festival","datePublished":"2019-10-09T13:27:53+00:00","dateModified":"2019-10-09T13:28:11+00:00","mainEntityOfPage":{"@id":"https:\/\/www.cci.al\/en\/participation-invitation-in-agro-food-festival\/"},"wordCount":144,"commentCount":0,"publisher":{"@id":"https:\/\/www.cci.al\/en\/#organization"},"image":{"@id":"https:\/\/www.cci.al\/en\/participation-invitation-in-agro-food-festival\/#primaryimage"},"thumbnailUrl":"https:\/\/www.cci.al\/wp-content\/uploads\/nc\/2018\/06\/dhomatr.jpg","inLanguage":"en-US","potentialAction":[{"@type":"CommentAction","name":"Comment","target":["https:\/\/www.cci.al\/en\/participation-invitation-in-agro-food-festival\/#respond"]}]},{"@type":"WebPage","@id":"https:\/\/www.cci.al\/en\/participation-invitation-in-agro-food-festival\/","url":"https:\/\/www.cci.al\/en\/participation-invitation-in-agro-food-festival\/","name":"Participation Invitation in Agro-Food Festival - Dhoma e Tregtise &amp; Industrise Tirane","isPartOf":{"@id":"https:\/\/www.cci.al\/en\/#website"},"primaryImageOfPage":{"@id":"https:\/\/www.cci.al\/en\/participation-invitation-in-agro-food-festival\/#primaryimage"},"image":{"@id":"https:\/\/www.cci.al\/en\/participation-invitation-in-agro-food-festival\/#primaryimage"},"thumbnailUrl":"https:\/\/www.cci.al\/wp-content\/uploads\/nc\/2018\/06\/dhomatr.jpg","datePublished":"2019-10-09T13:27:53+00:00","dateModified":"2019-10-09T13:28:11+00:00","breadcrumb":{"@id":"https:\/\/www.cci.al\/en\/participation-invitation-in-agro-food-festival\/#breadcrumb"},"inLanguage":"en-US","potentialAction":[{"@type":"ReadAction","target":["https:\/\/www.cci.al\/en\/participation-invitation-in-agro-food-festival\/"]}]},{"@type":"ImageObject","inLanguage":"en-US","@id":"https:\/\/www.cci.al\/en\/participation-invitation-in-agro-food-festival\/#primaryimage","url":"https:\/\/www.cci.al\/wp-content\/uploads\/nc\/2018\/06\/dhomatr.jpg","contentUrl":"https:\/\/www.cci.al\/wp-content\/uploads\/nc\/2018\/06\/dhomatr.jpg","width":600,"height":300,"caption":"Ftes\u00eb p\u00ebr pjes\u00ebmarrje n\u00eb festivalin Agro-Ushqimor"},{"@type":"BreadcrumbList","@id":"https:\/\/www.cci.al\/en\/participation-invitation-in-agro-food-festival\/#breadcrumb","itemListElement":[{"@type":"ListItem","position":1,"name":"Home","item":"https:\/\/www.cci.al\/en\/"},{"@type":"ListItem","position":2,"name":"Participation Invitation in Agro-Food Festival"}]},{"@type":"WebSite","@id":"https:\/\/www.cci.al\/en\/#website","url":"https:\/\/www.cci.al\/en\/","name":"Dhoma e Tregtise dhe Industrise Tirane","description":"CCIT","publisher":{"@id":"https:\/\/www.cci.al\/en\/#organization"},"potentialAction":[{"@type":"SearchAction","target":{"@type":"EntryPoint","urlTemplate":"https:\/\/www.cci.al\/en\/?s={search_term_string}"},"query-input":{"@type":"PropertyValueSpecification","valueRequired":true,"valueName":"search_term_string"}}],"inLanguage":"en-US"},{"@type":"Organization","@id":"https:\/\/www.cci.al\/en\/#organization","name":"Dhoma e Tregtise dhe Industrise Tirane","url":"https:\/\/www.cci.al\/en\/","logo":{"@type":"ImageObject","inLanguage":"en-US","@id":"https:\/\/www.cci.al\/en\/#\/schema\/logo\/image\/","url":"https:\/\/www.cci.al\/wp-content\/uploads\/2023\/03\/logod-01.svg","contentUrl":"https:\/\/www.cci.al\/wp-content\/uploads\/2023\/03\/logod-01.svg","width":"1024","height":"1024","caption":"Dhoma e Tregtise dhe Industrise Tirane"},"image":{"@id":"https:\/\/www.cci.al\/en\/#\/schema\/logo\/image\/"},"sameAs":["https:\/\/www.facebook.com\/ccitirana\/","https:\/\/x.com\/dhomatirana","https:\/\/www.youtube.com\/channel\/UCuzL-qcbS0k5qMU3b0xrmxA","https:\/\/www.instagram.com\/cci_tirana\/"]},{"@type":"Person","@id":"https:\/\/www.cci.al\/en\/#\/schema\/person\/ea01b4ef65f51f713f5f9c6ce917cc27","name":"CCIT","image":{"@type":"ImageObject","inLanguage":"en-US","@id":"https:\/\/www.cci.al\/en\/#\/schema\/person\/image\/","url":"https:\/\/secure.gravatar.com\/avatar\/69e86119c4684dd3b59bb0d9c7af19a68b7882625189a5263d822093932b3a41?s=96&d=mm&r=g","contentUrl":"https:\/\/secure.gravatar.com\/avatar\/69e86119c4684dd3b59bb0d9c7af19a68b7882625189a5263d822093932b3a41?s=96&d=mm&r=g","caption":"CCIT"},"url":"https:\/\/www.cci.al\/en\/author\/ccit\/"}]}},"_links":{"self":[{"href":"https:\/\/www.cci.al\/en\/wp-json\/wp\/v2\/posts\/14824","targetHints":{"allow":["GET"]}}],"collection":[{"href":"https:\/\/www.cci.al\/en\/wp-json\/wp\/v2\/posts"}],"about":[{"href":"https:\/\/www.cci.al\/en\/wp-json\/wp\/v2\/types\/post"}],"author":[{"embeddable":true,"href":"https:\/\/www.cci.al\/en\/wp-json\/wp\/v2\/users\/3"}],"replies":[{"embeddable":true,"href":"https:\/\/www.cci.al\/en\/wp-json\/wp\/v2\/comments?post=14824"}],"version-history":[{"count":0,"href":"https:\/\/www.cci.al\/en\/wp-json\/wp\/v2\/posts\/14824\/revisions"}],"wp:featuredmedia":[{"embeddable":true,"href":"https:\/\/www.cci.al\/en\/wp-json\/wp\/v2\/media\/12030"}],"wp:attachment":[{"href":"https:\/\/www.cci.al\/en\/wp-json\/wp\/v2\/media?parent=14824"}],"wp:term":[{"taxonomy":"category","embeddable":true,"href":"https:\/\/www.cci.al\/en\/wp-json\/wp\/v2\/categories?post=14824"},{"taxonomy":"post_tag","embeddable":true,"href":"https:\/\/www.cci.al\/en\/wp-json\/wp\/v2\/tags?post=14824"}],"curies":[{"name":"wp","href":"https:\/\/api.w.org\/{rel}","templated":true}]}}