{"id":14795,"date":"2019-03-08T12:34:27","date_gmt":"2019-03-08T12:34:27","guid":{"rendered":"https:\/\/www.cci.al\/?p=14795"},"modified":"2019-03-08T12:34:46","modified_gmt":"2019-03-08T12:34:46","slug":"jaka-our-economy-should-be-complimentary-if-we-want-to-be-part-of-the-global-market","status":"publish","type":"post","link":"https:\/\/www.cci.al\/en\/jaka-our-economy-should-be-complimentary-if-we-want-to-be-part-of-the-global-market\/","title":{"rendered":"Jaka: Our economy should be complimentary if we want to be part of the global market"},"content":{"rendered":"\n<p><strong>The president of Chamber of Commerce and Industry of Tirana, Mr. Nikolin Jaka meets with the Ambassador\u00a0 of the Republic of North Macedonia in Albania, Mr. Dancho Markovski<\/strong><\/p>\n\n\n\n<p>The president of\nChamber of Commerce and Industry of Tirana, mr.Nikolin Jaka meets with the\nAmbassador&nbsp; of the Republic of North\nMacedonia on March 5. The opportunities of building economic cooperation\nbetween our two countires, were the main part where the meeting between the two\nparties was focused.<\/p>\n\n\n\n<p>Mr Dancho Markovski by\nthanking for the opportunity of this meeting said that \u201c the economic\ncooperation between our countries should be in other levels\u201d, because according\nto him \u201cthe economic relations are not in the same level with the political\nrealtions\u201d. Considering that Albania is the sixth country where mr.Markovski is\nambassador, expressed to mr.Jaka the pleasure of sharing his experience thus to\nintensify more the relations of common interest. For this purpose he asked the\nsupport of our institution in organizing a Economic Forum between our\ncountries.&nbsp; <\/p>\n\n\n\n<p>The president of Chamber of Commerce and Industry Tirana, mr Nikolin Jaka by thanking the ambassador for his presence in Albania and convinced that the experiences gained from him will serve for building a new communication standard, said that \u201cthe economic relation is a product of the political relations, particularly in border countries, because if we appreciate an excellent political, but not economic relation, this should be noted to became aware that something is not going properly.\u00a0 <\/p>\n\n\n\n<figure class=\"wp-block-image\"><img decoding=\"async\" src=\"https:\/\/www.cci.al\/wp-content\/uploads\/wp-content\/uploads\/2019\/03\/IMG_1721-min-1-1024x520.jpg\" alt=\"\" class=\"wp-image-1648\"\/><\/figure>\n\n\n\n<p>In the quality of\nCCIT chairman but even entrepreneurship that this institution represents, Jaka in\nhis word said that between two countries there are a lot of communication spaces\nand few obstacles for which the desire and good will is sufficient to solve\nthem. He stated that he has a very good relation with the Chaimen of Chambers\nin Macedonia and emphasizes that there exists a good network between them. <\/p>\n\n\n\n<p>An indicator of good\nrelations between the two countries and re-emphasized in the meeting is also\nthe meeting held in February in Macedonia with Prime Minister Zoran Zaev, where\nmore than 45 members of the Chamber&#8217;s business were part of this meeting,\ninterested directly both in terms of investment and trade exchanges.<\/p>\n\n\n\n<p>Mr. Jaka expressed\nhis appreciation for the welcome speech of the Prime Minister of the Republic\nof North Macedonia and his invitation to increase trade exchanges and further\ncooperation.<\/p>\n\n\n\n<p>Empasizing that:<\/p>\n\n\n\n<p>\u2022&nbsp;&nbsp;&nbsp;&nbsp;&nbsp;&nbsp;&nbsp;&nbsp;&nbsp;&nbsp; Establishing Republic of North\nMacedonia, <\/p>\n\n\n\n<p>\u2022&nbsp;&nbsp;&nbsp;&nbsp;&nbsp;&nbsp;&nbsp;&nbsp;&nbsp;&nbsp; use of Albanian Language <\/p>\n\n\n\n<p>&#8220;There are two\nkey indicators that create a stability that is also the most important thing an\nentrepreneur considers before investing in a country especially in a\ndevelopment process.&#8221; Recognizing the fact that the global economy is very\naggressive, Jaka said that &#8220;Albania, Kosovo, Macedonia (which are an\nindivisible triangle), as perform as separate countries will soon be dissolved,\nand if we perform with a complementary economy then we will be dignified entrepreneurs &#8220;.<\/p>\n\n\n\n<p>Proposals\nthat mr. Jaka expressed in the meeting, proposals that he had previously\npresented in the meeting with the Prime Minister Zaev.<\/p>\n\n\n\n<ol class=\"wp-block-list\"><li>Scanning\nfactors to perform a complementary platform <\/li><li>Removing the physical border, declaring the customs\ncargo by avoiding the physical ban <\/li><li>Recognition of phytosanitary certificates for\nproducts of origin and without animal origin<\/li><\/ol>\n\n\n\n<p>He also proposed to\nhave a planning of production and investments so that there is no collision.\nDuring his speech stressed that a healthy economy is based on profitability but\nthere is no profitability without planning. He therefore suggested setting up joint\nworking groups to make a safe strategy and with the right steps without an\naccelerated approach with a clear destination. &#8220;Something very positive\nwould be the merger of road and rail segments to lower the cost of transport\ngoods,&#8221; said Jaka. Expressing his agreement to what was said above, Mr.\nDancho expressed his cooperative stance and announced that ONE STOP SHOP will\nopen in Qafshtama on April 1, 2019.<\/p>\n","protected":false},"excerpt":{"rendered":"<p>The president of Chamber of Commerce and Industry of Tirana, Mr. Nikolin Jaka meets with the Ambassador\u00a0 of the Republic of North Macedonia in Albania, Mr. Dancho Markovski The president of Chamber of Commerce and Industry of Tirana, mr.Nikolin Jaka meets with the Ambassador&nbsp; of the Republic of North Macedonia on March 5. The opportunities [&hellip;]<\/p>\n","protected":false},"author":3,"featured_media":11724,"comment_status":"open","ping_status":"closed","sticky":false,"template":"","format":"standard","meta":{"inline_featured_image":false,"footnotes":""},"categories":[],"tags":[],"class_list":["post-14795","post","type-post","status-publish","format-standard","has-post-thumbnail","hentry"],"featured_image_src":{"landsacpe":["https:\/\/www.cci.al\/wp-content\/uploads\/nc\/2019\/03\/IMG_1714-min-scaled-1140x445.jpg",1140,445,true],"list":["https:\/\/www.cci.al\/wp-content\/uploads\/nc\/2019\/03\/IMG_1714-min-scaled-463x348.jpg",463,348,true],"medium":["https:\/\/www.cci.al\/wp-content\/uploads\/nc\/2019\/03\/IMG_1714-min-scaled-300x158.jpg",300,158,true],"full":["https:\/\/www.cci.al\/wp-content\/uploads\/nc\/2019\/03\/IMG_1714-min-scaled.jpg",2560,1348,false]},"yoast_head":"<!-- This site is optimized with the Yoast SEO plugin v26.7 - https:\/\/yoast.com\/wordpress\/plugins\/seo\/ -->\n<title>Jaka: Our economy should be complimentary if we want to be part of the global market - Dhoma e Tregtise &amp; Industrise Tirane<\/title>\n<meta name=\"robots\" content=\"index, follow, max-snippet:-1, max-image-preview:large, max-video-preview:-1\" \/>\n<link rel=\"canonical\" href=\"https:\/\/www.cci.al\/en\/jaka-our-economy-should-be-complimentary-if-we-want-to-be-part-of-the-global-market\/\" \/>\n<meta property=\"og:locale\" content=\"en_US\" \/>\n<meta property=\"og:type\" content=\"article\" \/>\n<meta property=\"og:title\" content=\"Jaka: Our economy should be complimentary if we want to be part of the global market - Dhoma e Tregtise &amp; Industrise Tirane\" \/>\n<meta property=\"og:description\" content=\"The president of Chamber of Commerce and Industry of Tirana, Mr. Nikolin Jaka meets with the Ambassador\u00a0 of the Republic of North Macedonia in Albania, Mr. Dancho Markovski The president of Chamber of Commerce and Industry of Tirana, mr.Nikolin Jaka meets with the Ambassador&nbsp; of the Republic of North Macedonia on March 5. The opportunities [&hellip;]\" \/>\n<meta property=\"og:url\" content=\"https:\/\/www.cci.al\/en\/jaka-our-economy-should-be-complimentary-if-we-want-to-be-part-of-the-global-market\/\" \/>\n<meta property=\"og:site_name\" content=\"Dhoma e Tregtise &amp; Industrise Tirane\" \/>\n<meta property=\"article:publisher\" content=\"https:\/\/www.facebook.com\/ccitirana\/\" \/>\n<meta property=\"article:published_time\" content=\"2019-03-08T12:34:27+00:00\" \/>\n<meta property=\"article:modified_time\" content=\"2019-03-08T12:34:46+00:00\" \/>\n<meta property=\"og:image\" content=\"https:\/\/www.cci.al\/wp-content\/uploads\/nc\/2019\/03\/IMG_1714-min-scaled.jpg\" \/>\n\t<meta property=\"og:image:width\" content=\"2560\" \/>\n\t<meta property=\"og:image:height\" content=\"1348\" \/>\n\t<meta property=\"og:image:type\" content=\"image\/jpeg\" \/>\n<meta name=\"author\" content=\"CCIT\" \/>\n<meta name=\"twitter:card\" content=\"summary_large_image\" \/>\n<meta name=\"twitter:creator\" content=\"@dhomatirana\" \/>\n<meta name=\"twitter:site\" content=\"@dhomatirana\" \/>\n<meta name=\"twitter:label1\" content=\"Written by\" \/>\n\t<meta name=\"twitter:data1\" content=\"CCIT\" \/>\n\t<meta name=\"twitter:label2\" content=\"Est. reading time\" \/>\n\t<meta name=\"twitter:data2\" content=\"3 minutes\" \/>\n<script type=\"application\/ld+json\" class=\"yoast-schema-graph\">{\"@context\":\"https:\/\/schema.org\",\"@graph\":[{\"@type\":\"Article\",\"@id\":\"https:\/\/www.cci.al\/en\/jaka-our-economy-should-be-complimentary-if-we-want-to-be-part-of-the-global-market\/#article\",\"isPartOf\":{\"@id\":\"https:\/\/www.cci.al\/en\/jaka-our-economy-should-be-complimentary-if-we-want-to-be-part-of-the-global-market\/\"},\"author\":{\"name\":\"CCIT\",\"@id\":\"https:\/\/www.cci.al\/en\/#\/schema\/person\/ea01b4ef65f51f713f5f9c6ce917cc27\"},\"headline\":\"Jaka: Our economy should be complimentary if we want to be part of the global market\",\"datePublished\":\"2019-03-08T12:34:27+00:00\",\"dateModified\":\"2019-03-08T12:34:46+00:00\",\"mainEntityOfPage\":{\"@id\":\"https:\/\/www.cci.al\/en\/jaka-our-economy-should-be-complimentary-if-we-want-to-be-part-of-the-global-market\/\"},\"wordCount\":678,\"commentCount\":0,\"publisher\":{\"@id\":\"https:\/\/www.cci.al\/en\/#organization\"},\"image\":{\"@id\":\"https:\/\/www.cci.al\/en\/jaka-our-economy-should-be-complimentary-if-we-want-to-be-part-of-the-global-market\/#primaryimage\"},\"thumbnailUrl\":\"https:\/\/www.cci.al\/wp-content\/uploads\/nc\/2019\/03\/IMG_1714-min-scaled.jpg\",\"inLanguage\":\"en-US\",\"potentialAction\":[{\"@type\":\"CommentAction\",\"name\":\"Comment\",\"target\":[\"https:\/\/www.cci.al\/en\/jaka-our-economy-should-be-complimentary-if-we-want-to-be-part-of-the-global-market\/#respond\"]}]},{\"@type\":\"WebPage\",\"@id\":\"https:\/\/www.cci.al\/en\/jaka-our-economy-should-be-complimentary-if-we-want-to-be-part-of-the-global-market\/\",\"url\":\"https:\/\/www.cci.al\/en\/jaka-our-economy-should-be-complimentary-if-we-want-to-be-part-of-the-global-market\/\",\"name\":\"Jaka: Our economy should be complimentary if we want to be part of the global market - Dhoma e Tregtise &amp; Industrise Tirane\",\"isPartOf\":{\"@id\":\"https:\/\/www.cci.al\/en\/#website\"},\"primaryImageOfPage\":{\"@id\":\"https:\/\/www.cci.al\/en\/jaka-our-economy-should-be-complimentary-if-we-want-to-be-part-of-the-global-market\/#primaryimage\"},\"image\":{\"@id\":\"https:\/\/www.cci.al\/en\/jaka-our-economy-should-be-complimentary-if-we-want-to-be-part-of-the-global-market\/#primaryimage\"},\"thumbnailUrl\":\"https:\/\/www.cci.al\/wp-content\/uploads\/nc\/2019\/03\/IMG_1714-min-scaled.jpg\",\"datePublished\":\"2019-03-08T12:34:27+00:00\",\"dateModified\":\"2019-03-08T12:34:46+00:00\",\"breadcrumb\":{\"@id\":\"https:\/\/www.cci.al\/en\/jaka-our-economy-should-be-complimentary-if-we-want-to-be-part-of-the-global-market\/#breadcrumb\"},\"inLanguage\":\"en-US\",\"potentialAction\":[{\"@type\":\"ReadAction\",\"target\":[\"https:\/\/www.cci.al\/en\/jaka-our-economy-should-be-complimentary-if-we-want-to-be-part-of-the-global-market\/\"]}]},{\"@type\":\"ImageObject\",\"inLanguage\":\"en-US\",\"@id\":\"https:\/\/www.cci.al\/en\/jaka-our-economy-should-be-complimentary-if-we-want-to-be-part-of-the-global-market\/#primaryimage\",\"url\":\"https:\/\/www.cci.al\/wp-content\/uploads\/nc\/2019\/03\/IMG_1714-min-scaled.jpg\",\"contentUrl\":\"https:\/\/www.cci.al\/wp-content\/uploads\/nc\/2019\/03\/IMG_1714-min-scaled.jpg\",\"width\":2560,\"height\":1348,\"caption\":\"Jaka: Ekonomia jon\u00eb duhet t\u00eb jet\u00eb komplementare n\u00ebse duam t\u00eb jemi pjes\u00eb e tregut global\"},{\"@type\":\"BreadcrumbList\",\"@id\":\"https:\/\/www.cci.al\/en\/jaka-our-economy-should-be-complimentary-if-we-want-to-be-part-of-the-global-market\/#breadcrumb\",\"itemListElement\":[{\"@type\":\"ListItem\",\"position\":1,\"name\":\"Home\",\"item\":\"https:\/\/www.cci.al\/en\/\"},{\"@type\":\"ListItem\",\"position\":2,\"name\":\"Jaka: Our economy should be complimentary if we want to be part of the global market\"}]},{\"@type\":\"WebSite\",\"@id\":\"https:\/\/www.cci.al\/en\/#website\",\"url\":\"https:\/\/www.cci.al\/en\/\",\"name\":\"Dhoma e Tregtise dhe Industrise Tirane\",\"description\":\"CCIT\",\"publisher\":{\"@id\":\"https:\/\/www.cci.al\/en\/#organization\"},\"potentialAction\":[{\"@type\":\"SearchAction\",\"target\":{\"@type\":\"EntryPoint\",\"urlTemplate\":\"https:\/\/www.cci.al\/en\/?s={search_term_string}\"},\"query-input\":{\"@type\":\"PropertyValueSpecification\",\"valueRequired\":true,\"valueName\":\"search_term_string\"}}],\"inLanguage\":\"en-US\"},{\"@type\":\"Organization\",\"@id\":\"https:\/\/www.cci.al\/en\/#organization\",\"name\":\"Dhoma e Tregtise dhe Industrise Tirane\",\"url\":\"https:\/\/www.cci.al\/en\/\",\"logo\":{\"@type\":\"ImageObject\",\"inLanguage\":\"en-US\",\"@id\":\"https:\/\/www.cci.al\/en\/#\/schema\/logo\/image\/\",\"url\":\"https:\/\/www.cci.al\/wp-content\/uploads\/2023\/03\/logod-01.svg\",\"contentUrl\":\"https:\/\/www.cci.al\/wp-content\/uploads\/2023\/03\/logod-01.svg\",\"width\":\"1024\",\"height\":\"1024\",\"caption\":\"Dhoma e Tregtise dhe Industrise Tirane\"},\"image\":{\"@id\":\"https:\/\/www.cci.al\/en\/#\/schema\/logo\/image\/\"},\"sameAs\":[\"https:\/\/www.facebook.com\/ccitirana\/\",\"https:\/\/x.com\/dhomatirana\",\"https:\/\/www.youtube.com\/channel\/UCuzL-qcbS0k5qMU3b0xrmxA\",\"https:\/\/www.instagram.com\/cci_tirana\/\"]},{\"@type\":\"Person\",\"@id\":\"https:\/\/www.cci.al\/en\/#\/schema\/person\/ea01b4ef65f51f713f5f9c6ce917cc27\",\"name\":\"CCIT\",\"image\":{\"@type\":\"ImageObject\",\"inLanguage\":\"en-US\",\"@id\":\"https:\/\/www.cci.al\/en\/#\/schema\/person\/image\/\",\"url\":\"https:\/\/secure.gravatar.com\/avatar\/69e86119c4684dd3b59bb0d9c7af19a68b7882625189a5263d822093932b3a41?s=96&d=mm&r=g\",\"contentUrl\":\"https:\/\/secure.gravatar.com\/avatar\/69e86119c4684dd3b59bb0d9c7af19a68b7882625189a5263d822093932b3a41?s=96&d=mm&r=g\",\"caption\":\"CCIT\"},\"url\":\"https:\/\/www.cci.al\/en\/author\/ccit\/\"}]}<\/script>\n<!-- \/ Yoast SEO plugin. -->","yoast_head_json":{"title":"Jaka: Our economy should be complimentary if we want to be part of the global market - Dhoma e Tregtise &amp; Industrise Tirane","robots":{"index":"index","follow":"follow","max-snippet":"max-snippet:-1","max-image-preview":"max-image-preview:large","max-video-preview":"max-video-preview:-1"},"canonical":"https:\/\/www.cci.al\/en\/jaka-our-economy-should-be-complimentary-if-we-want-to-be-part-of-the-global-market\/","og_locale":"en_US","og_type":"article","og_title":"Jaka: Our economy should be complimentary if we want to be part of the global market - Dhoma e Tregtise &amp; Industrise Tirane","og_description":"The president of Chamber of Commerce and Industry of Tirana, Mr. Nikolin Jaka meets with the Ambassador\u00a0 of the Republic of North Macedonia in Albania, Mr. Dancho Markovski The president of Chamber of Commerce and Industry of Tirana, mr.Nikolin Jaka meets with the Ambassador&nbsp; of the Republic of North Macedonia on March 5. The opportunities [&hellip;]","og_url":"https:\/\/www.cci.al\/en\/jaka-our-economy-should-be-complimentary-if-we-want-to-be-part-of-the-global-market\/","og_site_name":"Dhoma e Tregtise &amp; Industrise Tirane","article_publisher":"https:\/\/www.facebook.com\/ccitirana\/","article_published_time":"2019-03-08T12:34:27+00:00","article_modified_time":"2019-03-08T12:34:46+00:00","og_image":[{"width":2560,"height":1348,"url":"https:\/\/www.cci.al\/wp-content\/uploads\/nc\/2019\/03\/IMG_1714-min-scaled.jpg","type":"image\/jpeg"}],"author":"CCIT","twitter_card":"summary_large_image","twitter_creator":"@dhomatirana","twitter_site":"@dhomatirana","twitter_misc":{"Written by":"CCIT","Est. reading time":"3 minutes"},"schema":{"@context":"https:\/\/schema.org","@graph":[{"@type":"Article","@id":"https:\/\/www.cci.al\/en\/jaka-our-economy-should-be-complimentary-if-we-want-to-be-part-of-the-global-market\/#article","isPartOf":{"@id":"https:\/\/www.cci.al\/en\/jaka-our-economy-should-be-complimentary-if-we-want-to-be-part-of-the-global-market\/"},"author":{"name":"CCIT","@id":"https:\/\/www.cci.al\/en\/#\/schema\/person\/ea01b4ef65f51f713f5f9c6ce917cc27"},"headline":"Jaka: Our economy should be complimentary if we want to be part of the global market","datePublished":"2019-03-08T12:34:27+00:00","dateModified":"2019-03-08T12:34:46+00:00","mainEntityOfPage":{"@id":"https:\/\/www.cci.al\/en\/jaka-our-economy-should-be-complimentary-if-we-want-to-be-part-of-the-global-market\/"},"wordCount":678,"commentCount":0,"publisher":{"@id":"https:\/\/www.cci.al\/en\/#organization"},"image":{"@id":"https:\/\/www.cci.al\/en\/jaka-our-economy-should-be-complimentary-if-we-want-to-be-part-of-the-global-market\/#primaryimage"},"thumbnailUrl":"https:\/\/www.cci.al\/wp-content\/uploads\/nc\/2019\/03\/IMG_1714-min-scaled.jpg","inLanguage":"en-US","potentialAction":[{"@type":"CommentAction","name":"Comment","target":["https:\/\/www.cci.al\/en\/jaka-our-economy-should-be-complimentary-if-we-want-to-be-part-of-the-global-market\/#respond"]}]},{"@type":"WebPage","@id":"https:\/\/www.cci.al\/en\/jaka-our-economy-should-be-complimentary-if-we-want-to-be-part-of-the-global-market\/","url":"https:\/\/www.cci.al\/en\/jaka-our-economy-should-be-complimentary-if-we-want-to-be-part-of-the-global-market\/","name":"Jaka: Our economy should be complimentary if we want to be part of the global market - Dhoma e Tregtise &amp; Industrise Tirane","isPartOf":{"@id":"https:\/\/www.cci.al\/en\/#website"},"primaryImageOfPage":{"@id":"https:\/\/www.cci.al\/en\/jaka-our-economy-should-be-complimentary-if-we-want-to-be-part-of-the-global-market\/#primaryimage"},"image":{"@id":"https:\/\/www.cci.al\/en\/jaka-our-economy-should-be-complimentary-if-we-want-to-be-part-of-the-global-market\/#primaryimage"},"thumbnailUrl":"https:\/\/www.cci.al\/wp-content\/uploads\/nc\/2019\/03\/IMG_1714-min-scaled.jpg","datePublished":"2019-03-08T12:34:27+00:00","dateModified":"2019-03-08T12:34:46+00:00","breadcrumb":{"@id":"https:\/\/www.cci.al\/en\/jaka-our-economy-should-be-complimentary-if-we-want-to-be-part-of-the-global-market\/#breadcrumb"},"inLanguage":"en-US","potentialAction":[{"@type":"ReadAction","target":["https:\/\/www.cci.al\/en\/jaka-our-economy-should-be-complimentary-if-we-want-to-be-part-of-the-global-market\/"]}]},{"@type":"ImageObject","inLanguage":"en-US","@id":"https:\/\/www.cci.al\/en\/jaka-our-economy-should-be-complimentary-if-we-want-to-be-part-of-the-global-market\/#primaryimage","url":"https:\/\/www.cci.al\/wp-content\/uploads\/nc\/2019\/03\/IMG_1714-min-scaled.jpg","contentUrl":"https:\/\/www.cci.al\/wp-content\/uploads\/nc\/2019\/03\/IMG_1714-min-scaled.jpg","width":2560,"height":1348,"caption":"Jaka: Ekonomia jon\u00eb duhet t\u00eb jet\u00eb komplementare n\u00ebse duam t\u00eb jemi pjes\u00eb e tregut global"},{"@type":"BreadcrumbList","@id":"https:\/\/www.cci.al\/en\/jaka-our-economy-should-be-complimentary-if-we-want-to-be-part-of-the-global-market\/#breadcrumb","itemListElement":[{"@type":"ListItem","position":1,"name":"Home","item":"https:\/\/www.cci.al\/en\/"},{"@type":"ListItem","position":2,"name":"Jaka: Our economy should be complimentary if we want to be part of the global market"}]},{"@type":"WebSite","@id":"https:\/\/www.cci.al\/en\/#website","url":"https:\/\/www.cci.al\/en\/","name":"Dhoma e Tregtise dhe Industrise Tirane","description":"CCIT","publisher":{"@id":"https:\/\/www.cci.al\/en\/#organization"},"potentialAction":[{"@type":"SearchAction","target":{"@type":"EntryPoint","urlTemplate":"https:\/\/www.cci.al\/en\/?s={search_term_string}"},"query-input":{"@type":"PropertyValueSpecification","valueRequired":true,"valueName":"search_term_string"}}],"inLanguage":"en-US"},{"@type":"Organization","@id":"https:\/\/www.cci.al\/en\/#organization","name":"Dhoma e Tregtise dhe Industrise Tirane","url":"https:\/\/www.cci.al\/en\/","logo":{"@type":"ImageObject","inLanguage":"en-US","@id":"https:\/\/www.cci.al\/en\/#\/schema\/logo\/image\/","url":"https:\/\/www.cci.al\/wp-content\/uploads\/2023\/03\/logod-01.svg","contentUrl":"https:\/\/www.cci.al\/wp-content\/uploads\/2023\/03\/logod-01.svg","width":"1024","height":"1024","caption":"Dhoma e Tregtise dhe Industrise Tirane"},"image":{"@id":"https:\/\/www.cci.al\/en\/#\/schema\/logo\/image\/"},"sameAs":["https:\/\/www.facebook.com\/ccitirana\/","https:\/\/x.com\/dhomatirana","https:\/\/www.youtube.com\/channel\/UCuzL-qcbS0k5qMU3b0xrmxA","https:\/\/www.instagram.com\/cci_tirana\/"]},{"@type":"Person","@id":"https:\/\/www.cci.al\/en\/#\/schema\/person\/ea01b4ef65f51f713f5f9c6ce917cc27","name":"CCIT","image":{"@type":"ImageObject","inLanguage":"en-US","@id":"https:\/\/www.cci.al\/en\/#\/schema\/person\/image\/","url":"https:\/\/secure.gravatar.com\/avatar\/69e86119c4684dd3b59bb0d9c7af19a68b7882625189a5263d822093932b3a41?s=96&d=mm&r=g","contentUrl":"https:\/\/secure.gravatar.com\/avatar\/69e86119c4684dd3b59bb0d9c7af19a68b7882625189a5263d822093932b3a41?s=96&d=mm&r=g","caption":"CCIT"},"url":"https:\/\/www.cci.al\/en\/author\/ccit\/"}]}},"_links":{"self":[{"href":"https:\/\/www.cci.al\/en\/wp-json\/wp\/v2\/posts\/14795","targetHints":{"allow":["GET"]}}],"collection":[{"href":"https:\/\/www.cci.al\/en\/wp-json\/wp\/v2\/posts"}],"about":[{"href":"https:\/\/www.cci.al\/en\/wp-json\/wp\/v2\/types\/post"}],"author":[{"embeddable":true,"href":"https:\/\/www.cci.al\/en\/wp-json\/wp\/v2\/users\/3"}],"replies":[{"embeddable":true,"href":"https:\/\/www.cci.al\/en\/wp-json\/wp\/v2\/comments?post=14795"}],"version-history":[{"count":0,"href":"https:\/\/www.cci.al\/en\/wp-json\/wp\/v2\/posts\/14795\/revisions"}],"wp:featuredmedia":[{"embeddable":true,"href":"https:\/\/www.cci.al\/en\/wp-json\/wp\/v2\/media\/11724"}],"wp:attachment":[{"href":"https:\/\/www.cci.al\/en\/wp-json\/wp\/v2\/media?parent=14795"}],"wp:term":[{"taxonomy":"category","embeddable":true,"href":"https:\/\/www.cci.al\/en\/wp-json\/wp\/v2\/categories?post=14795"},{"taxonomy":"post_tag","embeddable":true,"href":"https:\/\/www.cci.al\/en\/wp-json\/wp\/v2\/tags?post=14795"}],"curies":[{"name":"wp","href":"https:\/\/api.w.org\/{rel}","templated":true}]}}