{"id":14538,"date":"2021-11-27T20:06:05","date_gmt":"2021-11-27T20:06:05","guid":{"rendered":"https:\/\/www.cci.al\/?p=14538"},"modified":"2021-11-27T20:06:23","modified_gmt":"2021-11-27T20:06:23","slug":"infoday-within-the-een-project","status":"publish","type":"post","link":"https:\/\/www.cci.al\/en\/infoday-within-the-een-project\/","title":{"rendered":"InfoDay within the EEN project."},"content":{"rendered":"<div class=\"wpb-content-wrapper\"><p>[vc_row][vc_column][vc_column_text]Chamber of Commerce and Industry of Tirana, as a partner of EEN Albania, a project funded by the European Union organized an event to inform entrepreneurs about the concrete opportunities offered by this project.<br \/>\nWith the cooperation of Prishtina Rea Organization and the Union of Chambers of Commerce and Industry of Albania, this meeting expanded the possibility of partnership between Kosovo and Albania.<br \/>\nThe event took place on November 23 at the Mondial Hotel at 11:00 and had a significant presence from representatives of businesses or associations in support of business.<br \/>\nThe EEN platform was introduced and the forms were filled out to create the online profiles for new businesses.<br \/>\nThe participants were enthusiastic about this project and the interest to participate was great.[\/vc_column_text][\/vc_column][\/vc_row][vc_row][vc_column width=&#8221;1\/2&#8243;][vc_single_image image=&#8221;5713&#8243; img_size=&#8221;full&#8221;][\/vc_column][vc_column width=&#8221;1\/2&#8243;][vc_single_image image=&#8221;5711&#8243; img_size=&#8221;full&#8221;][\/vc_column][\/vc_row]<\/p>\n<\/div>","protected":false},"excerpt":{"rendered":"<p>[vc_row][vc_column][vc_column_text]Chamber of Commerce and Industry of Tirana, as a partner of EEN Albania, a project funded by the European Union organized an event to inform entrepreneurs about the concrete opportunities offered by this project. With the cooperation of Prishtina Rea Organization and the Union of Chambers of Commerce and Industry of Albania, this meeting expanded [&hellip;]<\/p>\n","protected":false},"author":3,"featured_media":12828,"comment_status":"open","ping_status":"closed","sticky":false,"template":"","format":"standard","meta":{"inline_featured_image":false,"footnotes":""},"categories":[194],"tags":[],"class_list":["post-14538","post","type-post","status-publish","format-standard","has-post-thumbnail","hentry","category-projects"],"featured_image_src":{"landsacpe":["https:\/\/www.cci.al\/wp-content\/uploads\/nc\/2021\/11\/foto4-1-1140x445.jpg",1140,445,true],"list":["https:\/\/www.cci.al\/wp-content\/uploads\/nc\/2021\/11\/foto4-1-463x348.jpg",463,348,true],"medium":["https:\/\/www.cci.al\/wp-content\/uploads\/nc\/2021\/11\/foto4-1-300x225.jpg",300,225,true],"full":["https:\/\/www.cci.al\/wp-content\/uploads\/nc\/2021\/11\/foto4-1.jpg",1600,1200,false]},"yoast_head":"<!-- This site is optimized with the Yoast SEO plugin v26.7 - https:\/\/yoast.com\/wordpress\/plugins\/seo\/ -->\n<title>InfoDay within the EEN project. - Dhoma e Tregtise &amp; Industrise Tirane<\/title>\n<meta name=\"robots\" content=\"index, follow, max-snippet:-1, max-image-preview:large, max-video-preview:-1\" \/>\n<link rel=\"canonical\" href=\"https:\/\/www.cci.al\/en\/infoday-within-the-een-project\/\" \/>\n<meta property=\"og:locale\" content=\"en_US\" \/>\n<meta property=\"og:type\" content=\"article\" \/>\n<meta property=\"og:title\" content=\"InfoDay within the EEN project. - Dhoma e Tregtise &amp; Industrise Tirane\" \/>\n<meta property=\"og:description\" content=\"[vc_row][vc_column][vc_column_text]Chamber of Commerce and Industry of Tirana, as a partner of EEN Albania, a project funded by the European Union organized an event to inform entrepreneurs about the concrete opportunities offered by this project. With the cooperation of Prishtina Rea Organization and the Union of Chambers of Commerce and Industry of Albania, this meeting expanded [&hellip;]\" \/>\n<meta property=\"og:url\" content=\"https:\/\/www.cci.al\/en\/infoday-within-the-een-project\/\" \/>\n<meta property=\"og:site_name\" content=\"Dhoma e Tregtise &amp; Industrise Tirane\" \/>\n<meta property=\"article:publisher\" content=\"https:\/\/www.facebook.com\/ccitirana\/\" \/>\n<meta property=\"article:published_time\" content=\"2021-11-27T20:06:05+00:00\" \/>\n<meta property=\"article:modified_time\" content=\"2021-11-27T20:06:23+00:00\" \/>\n<meta property=\"og:image\" content=\"https:\/\/www.cci.al\/wp-content\/uploads\/nc\/2021\/11\/foto4-1.jpg\" \/>\n\t<meta property=\"og:image:width\" content=\"1600\" \/>\n\t<meta property=\"og:image:height\" content=\"1200\" \/>\n\t<meta property=\"og:image:type\" content=\"image\/jpeg\" \/>\n<meta name=\"author\" content=\"CCIT\" \/>\n<meta name=\"twitter:card\" content=\"summary_large_image\" \/>\n<meta name=\"twitter:creator\" content=\"@dhomatirana\" \/>\n<meta name=\"twitter:site\" content=\"@dhomatirana\" \/>\n<meta name=\"twitter:label1\" content=\"Written by\" \/>\n\t<meta name=\"twitter:data1\" content=\"CCIT\" \/>\n\t<meta name=\"twitter:label2\" content=\"Est. reading time\" \/>\n\t<meta name=\"twitter:data2\" content=\"1 minute\" \/>\n<script type=\"application\/ld+json\" class=\"yoast-schema-graph\">{\"@context\":\"https:\/\/schema.org\",\"@graph\":[{\"@type\":\"Article\",\"@id\":\"https:\/\/www.cci.al\/en\/infoday-within-the-een-project\/#article\",\"isPartOf\":{\"@id\":\"https:\/\/www.cci.al\/en\/infoday-within-the-een-project\/\"},\"author\":{\"name\":\"CCIT\",\"@id\":\"https:\/\/www.cci.al\/en\/#\/schema\/person\/ea01b4ef65f51f713f5f9c6ce917cc27\"},\"headline\":\"InfoDay within the EEN project.\",\"datePublished\":\"2021-11-27T20:06:05+00:00\",\"dateModified\":\"2021-11-27T20:06:23+00:00\",\"mainEntityOfPage\":{\"@id\":\"https:\/\/www.cci.al\/en\/infoday-within-the-een-project\/\"},\"wordCount\":169,\"commentCount\":0,\"publisher\":{\"@id\":\"https:\/\/www.cci.al\/en\/#organization\"},\"image\":{\"@id\":\"https:\/\/www.cci.al\/en\/infoday-within-the-een-project\/#primaryimage\"},\"thumbnailUrl\":\"https:\/\/www.cci.al\/wp-content\/uploads\/nc\/2021\/11\/foto4-1.jpg\",\"articleSection\":[\"Projects\"],\"inLanguage\":\"en-US\",\"potentialAction\":[{\"@type\":\"CommentAction\",\"name\":\"Comment\",\"target\":[\"https:\/\/www.cci.al\/en\/infoday-within-the-een-project\/#respond\"]}]},{\"@type\":\"WebPage\",\"@id\":\"https:\/\/www.cci.al\/en\/infoday-within-the-een-project\/\",\"url\":\"https:\/\/www.cci.al\/en\/infoday-within-the-een-project\/\",\"name\":\"InfoDay within the EEN project. - Dhoma e Tregtise &amp; Industrise Tirane\",\"isPartOf\":{\"@id\":\"https:\/\/www.cci.al\/en\/#website\"},\"primaryImageOfPage\":{\"@id\":\"https:\/\/www.cci.al\/en\/infoday-within-the-een-project\/#primaryimage\"},\"image\":{\"@id\":\"https:\/\/www.cci.al\/en\/infoday-within-the-een-project\/#primaryimage\"},\"thumbnailUrl\":\"https:\/\/www.cci.al\/wp-content\/uploads\/nc\/2021\/11\/foto4-1.jpg\",\"datePublished\":\"2021-11-27T20:06:05+00:00\",\"dateModified\":\"2021-11-27T20:06:23+00:00\",\"breadcrumb\":{\"@id\":\"https:\/\/www.cci.al\/en\/infoday-within-the-een-project\/#breadcrumb\"},\"inLanguage\":\"en-US\",\"potentialAction\":[{\"@type\":\"ReadAction\",\"target\":[\"https:\/\/www.cci.al\/en\/infoday-within-the-een-project\/\"]}]},{\"@type\":\"ImageObject\",\"inLanguage\":\"en-US\",\"@id\":\"https:\/\/www.cci.al\/en\/infoday-within-the-een-project\/#primaryimage\",\"url\":\"https:\/\/www.cci.al\/wp-content\/uploads\/nc\/2021\/11\/foto4-1.jpg\",\"contentUrl\":\"https:\/\/www.cci.al\/wp-content\/uploads\/nc\/2021\/11\/foto4-1.jpg\",\"width\":1600,\"height\":1200,\"caption\":\"InfoDay n\u00eb kuad\u00ebr t\u00eb projektit EEN.\"},{\"@type\":\"BreadcrumbList\",\"@id\":\"https:\/\/www.cci.al\/en\/infoday-within-the-een-project\/#breadcrumb\",\"itemListElement\":[{\"@type\":\"ListItem\",\"position\":1,\"name\":\"Home\",\"item\":\"https:\/\/www.cci.al\/en\/\"},{\"@type\":\"ListItem\",\"position\":2,\"name\":\"InfoDay within the EEN project.\"}]},{\"@type\":\"WebSite\",\"@id\":\"https:\/\/www.cci.al\/en\/#website\",\"url\":\"https:\/\/www.cci.al\/en\/\",\"name\":\"Dhoma e Tregtise dhe Industrise Tirane\",\"description\":\"CCIT\",\"publisher\":{\"@id\":\"https:\/\/www.cci.al\/en\/#organization\"},\"potentialAction\":[{\"@type\":\"SearchAction\",\"target\":{\"@type\":\"EntryPoint\",\"urlTemplate\":\"https:\/\/www.cci.al\/en\/?s={search_term_string}\"},\"query-input\":{\"@type\":\"PropertyValueSpecification\",\"valueRequired\":true,\"valueName\":\"search_term_string\"}}],\"inLanguage\":\"en-US\"},{\"@type\":\"Organization\",\"@id\":\"https:\/\/www.cci.al\/en\/#organization\",\"name\":\"Dhoma e Tregtise dhe Industrise Tirane\",\"url\":\"https:\/\/www.cci.al\/en\/\",\"logo\":{\"@type\":\"ImageObject\",\"inLanguage\":\"en-US\",\"@id\":\"https:\/\/www.cci.al\/en\/#\/schema\/logo\/image\/\",\"url\":\"https:\/\/www.cci.al\/wp-content\/uploads\/2023\/03\/logod-01.svg\",\"contentUrl\":\"https:\/\/www.cci.al\/wp-content\/uploads\/2023\/03\/logod-01.svg\",\"width\":\"1024\",\"height\":\"1024\",\"caption\":\"Dhoma e Tregtise dhe Industrise Tirane\"},\"image\":{\"@id\":\"https:\/\/www.cci.al\/en\/#\/schema\/logo\/image\/\"},\"sameAs\":[\"https:\/\/www.facebook.com\/ccitirana\/\",\"https:\/\/x.com\/dhomatirana\",\"https:\/\/www.youtube.com\/channel\/UCuzL-qcbS0k5qMU3b0xrmxA\",\"https:\/\/www.instagram.com\/cci_tirana\/\"]},{\"@type\":\"Person\",\"@id\":\"https:\/\/www.cci.al\/en\/#\/schema\/person\/ea01b4ef65f51f713f5f9c6ce917cc27\",\"name\":\"CCIT\",\"image\":{\"@type\":\"ImageObject\",\"inLanguage\":\"en-US\",\"@id\":\"https:\/\/www.cci.al\/en\/#\/schema\/person\/image\/\",\"url\":\"https:\/\/secure.gravatar.com\/avatar\/69e86119c4684dd3b59bb0d9c7af19a68b7882625189a5263d822093932b3a41?s=96&d=mm&r=g\",\"contentUrl\":\"https:\/\/secure.gravatar.com\/avatar\/69e86119c4684dd3b59bb0d9c7af19a68b7882625189a5263d822093932b3a41?s=96&d=mm&r=g\",\"caption\":\"CCIT\"},\"url\":\"https:\/\/www.cci.al\/en\/author\/ccit\/\"}]}<\/script>\n<!-- \/ Yoast SEO plugin. -->","yoast_head_json":{"title":"InfoDay within the EEN project. - Dhoma e Tregtise &amp; Industrise Tirane","robots":{"index":"index","follow":"follow","max-snippet":"max-snippet:-1","max-image-preview":"max-image-preview:large","max-video-preview":"max-video-preview:-1"},"canonical":"https:\/\/www.cci.al\/en\/infoday-within-the-een-project\/","og_locale":"en_US","og_type":"article","og_title":"InfoDay within the EEN project. - Dhoma e Tregtise &amp; Industrise Tirane","og_description":"[vc_row][vc_column][vc_column_text]Chamber of Commerce and Industry of Tirana, as a partner of EEN Albania, a project funded by the European Union organized an event to inform entrepreneurs about the concrete opportunities offered by this project. With the cooperation of Prishtina Rea Organization and the Union of Chambers of Commerce and Industry of Albania, this meeting expanded [&hellip;]","og_url":"https:\/\/www.cci.al\/en\/infoday-within-the-een-project\/","og_site_name":"Dhoma e Tregtise &amp; Industrise Tirane","article_publisher":"https:\/\/www.facebook.com\/ccitirana\/","article_published_time":"2021-11-27T20:06:05+00:00","article_modified_time":"2021-11-27T20:06:23+00:00","og_image":[{"width":1600,"height":1200,"url":"https:\/\/www.cci.al\/wp-content\/uploads\/nc\/2021\/11\/foto4-1.jpg","type":"image\/jpeg"}],"author":"CCIT","twitter_card":"summary_large_image","twitter_creator":"@dhomatirana","twitter_site":"@dhomatirana","twitter_misc":{"Written by":"CCIT","Est. reading time":"1 minute"},"schema":{"@context":"https:\/\/schema.org","@graph":[{"@type":"Article","@id":"https:\/\/www.cci.al\/en\/infoday-within-the-een-project\/#article","isPartOf":{"@id":"https:\/\/www.cci.al\/en\/infoday-within-the-een-project\/"},"author":{"name":"CCIT","@id":"https:\/\/www.cci.al\/en\/#\/schema\/person\/ea01b4ef65f51f713f5f9c6ce917cc27"},"headline":"InfoDay within the EEN project.","datePublished":"2021-11-27T20:06:05+00:00","dateModified":"2021-11-27T20:06:23+00:00","mainEntityOfPage":{"@id":"https:\/\/www.cci.al\/en\/infoday-within-the-een-project\/"},"wordCount":169,"commentCount":0,"publisher":{"@id":"https:\/\/www.cci.al\/en\/#organization"},"image":{"@id":"https:\/\/www.cci.al\/en\/infoday-within-the-een-project\/#primaryimage"},"thumbnailUrl":"https:\/\/www.cci.al\/wp-content\/uploads\/nc\/2021\/11\/foto4-1.jpg","articleSection":["Projects"],"inLanguage":"en-US","potentialAction":[{"@type":"CommentAction","name":"Comment","target":["https:\/\/www.cci.al\/en\/infoday-within-the-een-project\/#respond"]}]},{"@type":"WebPage","@id":"https:\/\/www.cci.al\/en\/infoday-within-the-een-project\/","url":"https:\/\/www.cci.al\/en\/infoday-within-the-een-project\/","name":"InfoDay within the EEN project. - Dhoma e Tregtise &amp; Industrise Tirane","isPartOf":{"@id":"https:\/\/www.cci.al\/en\/#website"},"primaryImageOfPage":{"@id":"https:\/\/www.cci.al\/en\/infoday-within-the-een-project\/#primaryimage"},"image":{"@id":"https:\/\/www.cci.al\/en\/infoday-within-the-een-project\/#primaryimage"},"thumbnailUrl":"https:\/\/www.cci.al\/wp-content\/uploads\/nc\/2021\/11\/foto4-1.jpg","datePublished":"2021-11-27T20:06:05+00:00","dateModified":"2021-11-27T20:06:23+00:00","breadcrumb":{"@id":"https:\/\/www.cci.al\/en\/infoday-within-the-een-project\/#breadcrumb"},"inLanguage":"en-US","potentialAction":[{"@type":"ReadAction","target":["https:\/\/www.cci.al\/en\/infoday-within-the-een-project\/"]}]},{"@type":"ImageObject","inLanguage":"en-US","@id":"https:\/\/www.cci.al\/en\/infoday-within-the-een-project\/#primaryimage","url":"https:\/\/www.cci.al\/wp-content\/uploads\/nc\/2021\/11\/foto4-1.jpg","contentUrl":"https:\/\/www.cci.al\/wp-content\/uploads\/nc\/2021\/11\/foto4-1.jpg","width":1600,"height":1200,"caption":"InfoDay n\u00eb kuad\u00ebr t\u00eb projektit EEN."},{"@type":"BreadcrumbList","@id":"https:\/\/www.cci.al\/en\/infoday-within-the-een-project\/#breadcrumb","itemListElement":[{"@type":"ListItem","position":1,"name":"Home","item":"https:\/\/www.cci.al\/en\/"},{"@type":"ListItem","position":2,"name":"InfoDay within the EEN project."}]},{"@type":"WebSite","@id":"https:\/\/www.cci.al\/en\/#website","url":"https:\/\/www.cci.al\/en\/","name":"Dhoma e Tregtise dhe Industrise Tirane","description":"CCIT","publisher":{"@id":"https:\/\/www.cci.al\/en\/#organization"},"potentialAction":[{"@type":"SearchAction","target":{"@type":"EntryPoint","urlTemplate":"https:\/\/www.cci.al\/en\/?s={search_term_string}"},"query-input":{"@type":"PropertyValueSpecification","valueRequired":true,"valueName":"search_term_string"}}],"inLanguage":"en-US"},{"@type":"Organization","@id":"https:\/\/www.cci.al\/en\/#organization","name":"Dhoma e Tregtise dhe Industrise Tirane","url":"https:\/\/www.cci.al\/en\/","logo":{"@type":"ImageObject","inLanguage":"en-US","@id":"https:\/\/www.cci.al\/en\/#\/schema\/logo\/image\/","url":"https:\/\/www.cci.al\/wp-content\/uploads\/2023\/03\/logod-01.svg","contentUrl":"https:\/\/www.cci.al\/wp-content\/uploads\/2023\/03\/logod-01.svg","width":"1024","height":"1024","caption":"Dhoma e Tregtise dhe Industrise Tirane"},"image":{"@id":"https:\/\/www.cci.al\/en\/#\/schema\/logo\/image\/"},"sameAs":["https:\/\/www.facebook.com\/ccitirana\/","https:\/\/x.com\/dhomatirana","https:\/\/www.youtube.com\/channel\/UCuzL-qcbS0k5qMU3b0xrmxA","https:\/\/www.instagram.com\/cci_tirana\/"]},{"@type":"Person","@id":"https:\/\/www.cci.al\/en\/#\/schema\/person\/ea01b4ef65f51f713f5f9c6ce917cc27","name":"CCIT","image":{"@type":"ImageObject","inLanguage":"en-US","@id":"https:\/\/www.cci.al\/en\/#\/schema\/person\/image\/","url":"https:\/\/secure.gravatar.com\/avatar\/69e86119c4684dd3b59bb0d9c7af19a68b7882625189a5263d822093932b3a41?s=96&d=mm&r=g","contentUrl":"https:\/\/secure.gravatar.com\/avatar\/69e86119c4684dd3b59bb0d9c7af19a68b7882625189a5263d822093932b3a41?s=96&d=mm&r=g","caption":"CCIT"},"url":"https:\/\/www.cci.al\/en\/author\/ccit\/"}]}},"_links":{"self":[{"href":"https:\/\/www.cci.al\/en\/wp-json\/wp\/v2\/posts\/14538","targetHints":{"allow":["GET"]}}],"collection":[{"href":"https:\/\/www.cci.al\/en\/wp-json\/wp\/v2\/posts"}],"about":[{"href":"https:\/\/www.cci.al\/en\/wp-json\/wp\/v2\/types\/post"}],"author":[{"embeddable":true,"href":"https:\/\/www.cci.al\/en\/wp-json\/wp\/v2\/users\/3"}],"replies":[{"embeddable":true,"href":"https:\/\/www.cci.al\/en\/wp-json\/wp\/v2\/comments?post=14538"}],"version-history":[{"count":0,"href":"https:\/\/www.cci.al\/en\/wp-json\/wp\/v2\/posts\/14538\/revisions"}],"wp:featuredmedia":[{"embeddable":true,"href":"https:\/\/www.cci.al\/en\/wp-json\/wp\/v2\/media\/12828"}],"wp:attachment":[{"href":"https:\/\/www.cci.al\/en\/wp-json\/wp\/v2\/media?parent=14538"}],"wp:term":[{"taxonomy":"category","embeddable":true,"href":"https:\/\/www.cci.al\/en\/wp-json\/wp\/v2\/categories?post=14538"},{"taxonomy":"post_tag","embeddable":true,"href":"https:\/\/www.cci.al\/en\/wp-json\/wp\/v2\/tags?post=14538"}],"curies":[{"name":"wp","href":"https:\/\/api.w.org\/{rel}","templated":true}]}}